{"id":375,"date":"2016-05-12T18:36:35","date_gmt":"2016-05-12T18:36:35","guid":{"rendered":"http:\/\/www.yakaledire.com\/?p=375"},"modified":"2016-05-12T18:36:35","modified_gmt":"2016-05-12T18:36:35","slug":"mauritannie","status":"publish","type":"post","link":"https:\/\/www.yakaledire.com\/index.php\/2016\/05\/12\/mauritannie\/","title":{"rendered":"MAURITANNIE"},"content":{"rendered":"<p><strong>Une juste r\u00e9mun\u00e9ration\u00a0 m\u00e9rit\u00e9e pour une Mauritanie\u00a0 qui a besoin d&rsquo;argent , comme tous les pays de la r\u00e9gion, pour financer des projets sociaux au profit de sa population, pour peu que les contractants respectent bien leur quota respectif.<\/strong><\/p>\n<p><em><strong>Massine Tacir &#8211; Edito<\/strong><\/em><\/p>\n<p>&nbsp;<\/p>\n<h1 class=\"ep_title\">UE-Mauritanie: nouvel accord de p\u00eache d\u2019une dur\u00e9e de 4 ans<\/h1>\n<p><span class=\"ep_subtitle\"><span class=\"ep_plenary\">Session pl\u00e9ni\u00e8re <\/span> Communiqu\u00e9 de presse &#8211; <span class=\"ep_theme\">P\u00eache<\/span> \u2212 <span class=\"ep_date\">10-05-2016 &#8211; 12:22<\/span><\/span><span class=\"ep_endbox\">\u00a0<\/span><\/p>\n<div class=\"ep_boxbody\">\n<div class=\"ep_block\">\n<div class=\"ep_element1col\">\n<div class=\"ep_elementtext\">\n<p><strong>Les navires europ\u00e9ens pourront p\u00eacher des crevettes, des poissons d\u00e9mersaux, des thons et de petits poissons p\u00e9lagiques dans la zone \u00e9conomique exclusive mauritanienne, selon un nouvel accord de p\u00eache UE-Mauritanie d&rsquo;une dur\u00e9e de quatre ans approuv\u00e9 en session pl\u00e9ni\u00e8re mardi. En retour, l&rsquo;UE verserait 59,125 millions d&rsquo;euros par an \u00e0 la Mauritanie &#8211; 55 pour les totaux admissibles des captures et 4,125 pour soutenir le d\u00e9veloppement de la politique de p\u00eache par secteur de la Mauritanie.<\/strong><\/p>\n<p>Ce nouveau protocole de p\u00eache, adopt\u00e9 par 585 voix pour, 41 voix contre et 41 abstentions, fait suite \u00e0 l&rsquo;expiration de celui pr\u00e9vu pour la p\u00e9riode 2012-2014. Il a \u00e9t\u00e9 sign\u00e9 le 16 novembre 2015 et s&rsquo;applique de mani\u00e8re provisoire depuis cette date. La plupart des navires europ\u00e9ens qui p\u00eachent dans les eaux mauritaniennes sont espagnols, italiens, portugais, fran\u00e7ais, allemands, lettons, lituaniens, n\u00e9erlandais, polonais, britanniques ou irlandais.<\/p>\n<p><strong><em>Contexte<\/em><\/strong><\/p>\n<p><em>Le premier accord de p\u00eache avec la Mauritanie remonte \u00e0 1989 et une s\u00e9rie d\u2019autres accords ont \u00e9t\u00e9 sign\u00e9s depuis pour permettre aux navires europ\u00e9ens de p\u00eacher dans les eaux mauritaniennes. L\u2019accord de partenariat actuel est entr\u00e9 en vigueur en 2006 et a \u00e9t\u00e9 renouvel\u00e9 pour une p\u00e9riode de deux ans en 2012, expirant fin 2014. Apr\u00e8s de longues n\u00e9gociations, l\u2019UE et la Mauritanie ont paraph\u00e9 un nouveau protocole le 10 juillet 2015.<\/em><\/p>\n<p><em>\u00a0<\/em><em>Le 12 avril, le Parlement s&rsquo;est prononc\u00e9 sur une <a href=\"http:\/\/www.europarl.europa.eu\/sides\/getDoc.do?pubRef=-\/\/EP\/\/TEXT+TA+P8-TA-2016-0110+0+DOC+XML+V0\/\/FR\" target=\"_blank\" rel=\"noopener\"><u><span style=\"color: #0066cc;\">r\u00e9solution concernant la dimension ext\u00e9rieure de la politique commune de la p\u00eache (PCP)<\/span><\/u><\/a>, affirmant que l&rsquo;accord de p\u00eache UE-Mauritanie devrait servir d&rsquo;exemple en mati\u00e8re de transparence et d&rsquo;ex\u00e9cution. Selon les d\u00e9put\u00e9s, les dispositions relatives \u00e0 la transparence du protocole le plus r\u00e9cent avec la Mauritanie &#8211; qui pr\u00e9voient de publier tous les accords avec des \u00c9tats ou entit\u00e9s priv\u00e9es octroyant \u00e0 des navires \u00e9trangers l&rsquo;acc\u00e8s \u00e0 sa zone \u00e9conomique exclusive &#8211; devraient \u00eatre incluses dans l&rsquo;ensemble des accords de partenariat dans le domaine de la p\u00eache durable (APPD).<\/em><\/p>\n<p><strong><em>\u00a0<\/em><\/strong><em>Proc\u00e9dure: approbation (protocole) <\/em><em>\u00a0<\/em><abbr title=\"R\u00e9f\u00e9rence\">REF.<\/abbr>\u00a0: 20160504IPR25766<\/p>\n<\/div>\n<p><strong>Source :<\/strong> http:\/\/www.europarl.europa.eu\/news\/fr\/news-room\/20160504IPR25766\/UE-Mauritanie-nouvel-accord-de-p%C3%AAche-d%E2%80%99une-dur%C3%A9e-de-4-ans<\/p>\n<p>&nbsp;<\/p>\n<\/div>\n<\/div>\n<\/div>\n","protected":false},"excerpt":{"rendered":"<p>Une juste r\u00e9mun\u00e9ration\u00a0 m\u00e9rit\u00e9e pour une Mauritanie\u00a0 qui a besoin d&rsquo;argent , comme tous les pays de la r\u00e9gion, pour financer des projets sociaux au profit de sa population, pour peu que les contractants respectent bien leur quota respectif. Massine Tacir &#8211; Edito &nbsp; UE-Mauritanie: nouvel accord de p\u00eache d\u2019une dur\u00e9e de 4 ans Session [&hellip;]<\/p>\n","protected":false},"author":1,"featured_media":0,"comment_status":"open","ping_status":"open","sticky":false,"template":"","format":"standard","meta":{"iawp_total_views":5,"footnotes":""},"categories":[7,9],"tags":[34,50,136],"class_list":["post-375","post","type-post","status-publish","format-standard","hentry","category-maghreb","category-mauritanie","tag-contrat-de-peche","tag-eu-mauritanie","tag-sahel"],"_links":{"self":[{"href":"https:\/\/www.yakaledire.com\/index.php\/wp-json\/wp\/v2\/posts\/375","targetHints":{"allow":["GET"]}}],"collection":[{"href":"https:\/\/www.yakaledire.com\/index.php\/wp-json\/wp\/v2\/posts"}],"about":[{"href":"https:\/\/www.yakaledire.com\/index.php\/wp-json\/wp\/v2\/types\/post"}],"author":[{"embeddable":true,"href":"https:\/\/www.yakaledire.com\/index.php\/wp-json\/wp\/v2\/users\/1"}],"replies":[{"embeddable":true,"href":"https:\/\/www.yakaledire.com\/index.php\/wp-json\/wp\/v2\/comments?post=375"}],"version-history":[{"count":0,"href":"https:\/\/www.yakaledire.com\/index.php\/wp-json\/wp\/v2\/posts\/375\/revisions"}],"wp:attachment":[{"href":"https:\/\/www.yakaledire.com\/index.php\/wp-json\/wp\/v2\/media?parent=375"}],"wp:term":[{"taxonomy":"category","embeddable":true,"href":"https:\/\/www.yakaledire.com\/index.php\/wp-json\/wp\/v2\/categories?post=375"},{"taxonomy":"post_tag","embeddable":true,"href":"https:\/\/www.yakaledire.com\/index.php\/wp-json\/wp\/v2\/tags?post=375"}],"curies":[{"name":"wp","href":"https:\/\/api.w.org\/{rel}","templated":true}]}}