{"id":706,"date":"2023-12-10T09:35:56","date_gmt":"2023-12-10T09:35:56","guid":{"rendered":"http:\/\/www.yakaledire.com\/?p=706"},"modified":"2024-08-06T18:47:48","modified_gmt":"2024-08-06T16:47:48","slug":"israel-et-palestine","status":"publish","type":"post","link":"http:\/\/www.yakaledire.com\/index.php\/2023\/12\/10\/israel-et-palestine\/","title":{"rendered":"Isra\u00ebl et Palestine, Droit Divin ou Droit contemporain"},"content":{"rendered":"<p>L\u2019offensive du Hamas palestinien sur Isra\u00ebl du 7 octobre 2023 a \u00e9t\u00e9, une des plus grandes trag\u00e9dies de l\u2019histoire d\u2019Isra\u00ebl post-deuxi\u00e8me guerre mondiale, rien \u00e0 voir avec les tirs de roquettes artisanales de moindre impact, les lance-pierres des jeunes palestiniens ou les attaques aux couteaux contre l\u2019arm\u00e9e isra\u00e9lienne et les civils des ann\u00e9es pr\u00e9c\u00e9dentes.<br \/>\nAu dernier d\u00e9compte mortuaire on d\u00e9nombre plus de 1 200 tu\u00e9s (a) parmi des civils adultes, des enfants, des militaires et des policiers isra\u00e9liens ainsi que 240 otages isra\u00e9liens et \u00e9trangers de diff\u00e9rentes nationalit\u00e9s.<br \/>\n(a) Les m\u00e9dias isra\u00e9liens ont rapport\u00e9 qu\u2019au 25 octobre 2023, les noms de 914 de ces victimes identifi\u00e9es avaient \u00e9t\u00e9 publi\u00e9s dont 587 civils, 269 soldats et 58 policiers, parmi eux 29 sont des enfants. Sources : Save the Children et l\u2019Ong OCHA (bilan non exhaustif) cit\u00e9 par le journal Lib\u00e9ration du 31 octobre 2023.<br \/>\nLa r\u00e9plique de l\u2019arm\u00e9e Isra\u00e9lienne contre l\u2019enclave de Gaza, a \u00e9t\u00e9, elle aussi, un drame plus intense que les pr\u00e9c\u00e9dents, 16 500 Palestiniens tu\u00e9s \u00e0 l\u2019heure actuelle, la plupart des adultes civils et plus de 6 000 enfants de ce macabre calcul, sans compter les privations de leurs moyens \u00e9l\u00e9mentaires de subsistance encore plus s\u00e9v\u00e8res qu\u2019elles ne l\u2019\u00e9taient avant, qui s\u2019ajoutent \u00e0 leur malheur.<br \/>\nPire, les pays soutenant inconditionnellement l\u2019un ou l\u2019autre bellig\u00e9rant s\u2019\u00e9vertuent, non pas \u00e0 att\u00e9nuer la crise, mais \u00e0 l\u2019envenimer, les uns pr\u00f4nent \u00ab le droit d\u2019Isra\u00ebl \u00e0 se d\u00e9fendre et traitent les Palestiniens de terroristes \u00bb, les autres \u00ab les Palestiniens sont des combattants l\u00e9gitimes contre les occupations successives et ill\u00e9gales de leur territoire, pourtant reconnu par l\u2019ONU et le Conseil de S\u00e9curit\u00e9 de l\u2019Onu \u00bb.<br \/>\nDroits internationaux de la \u00ab solution \u00e0 deux \u00e9tats o\u00f9 vivront les deux peuples isra\u00e9liens et palestiniens en paix dans deux territoires d\u00e9termin\u00e9s \u00bb ou \u00ab loi divine de la terre que Dieu a promise aux juifs pour conqu\u00e9rir la Palestine et au-del\u00e0 \u00bb, dite notion qui n\u2019est pas forc\u00e9ment partag\u00e9e par l\u2019ensemble des Juifs d\u2019Isra\u00ebl et d\u2019ailleurs, y compris une partie des juifs orthodoxes suppos\u00e9s \u00eatre les plus messianiques.<br \/>\nS\u2019ajoutent \u00e0 cela, des int\u00e9r\u00eats \u00e9conomiques et g\u00e9opolitiques qui ne laissent place \u00e0 un quelconque humanisme et un monde clairement divis\u00e9 en deux clans, l\u2019un Am\u00e9ricains, Europ\u00e9ens et alli\u00e9s, l\u2019autre le reste du monde sous-estim\u00e9 qui, de plus en plus, affirme \u00e9galement sa pr\u00e9\u00e9minence.<br \/>\nLe probl\u00e8me de l\u00e9gitimit\u00e9 du peuple palestinien, a \u00e9t\u00e9, au fil des d\u00e9cennies, ouvertement et subrepticement contourn\u00e9 en faveur de l\u2019\u00c9tat Isra\u00ebl en pensant l\u2019enterrer d\u00e9finitivement.<br \/>\nLa strat\u00e9gie du pr\u00e9sident am\u00e9ricain et son beau-fils, inconditionnellement en faveur d\u2019Isra\u00ebl, avaient \u00e9labor\u00e9 le plan des accords d\u2019Abraham avec la complicit\u00e9 des royaumes arabes (\u00c9mirats arabes unis, Bahre\u00efn, Maroc) et un Soudan en crise, amadou\u00e9s par des perspectives \u00e9conomiques et s\u00e9curitaires en pensant enterrer d\u00e9finitivement la cause du peuple Palestinien.<br \/>\nCette strat\u00e9gie s\u2019est av\u00e9r\u00e9e infructueuse et pourtant l\u2019on continue \u00e0 la pr\u00f4ner au d\u00e9triment d\u2019une solution franche et d\u00e9finitive de la cause des Palestiniens.<br \/>\nLa carte blanche d\u00e9livr\u00e9e \u00e0 Isra\u00ebl par les \u00c9tats Unis, les Occidentaux et leurs alli\u00e9s, lui permit de coloniser progressivement les terres palestiniennes, tuer des civils palestiniens, d\u00e9truire leurs habitations, spolier leurs biens et les emprisonner en toute impunit\u00e9, malgr\u00e9 les multiples r\u00e9solutions de l\u2019ONU restaient vaines.<br \/>\nLes organisations non gouvernementales ont beau crier haut et fort les entorses r\u00e9p\u00e9titives d\u2019Isra\u00ebl aux droits de l\u2019homme, aux droits humains aux droits de la guerre et au droit de vie simplement des Palestiniens, comme si Isra\u00ebl \u00e9tait exempt\u00e9 de ces obligations (3).<br \/>\nCes voix restent inaudibles d\u00e8s lors qu\u2019il s\u2019agit d\u2019Isra\u00ebl \u00e0 l\u2019inverse des autres pays dits du grand sud ou des poursuites et des boycotts seraient d\u00e9cr\u00e9t\u00e9s aussit\u00f4t.<br \/>\nM\u00eame les positions du secr\u00e9taire g\u00e9n\u00e9ral de l\u2019ONU l\u00e9galement mandat\u00e9, sont rest\u00e9es vaines. Au comble de l\u2019ignominie, les Isra\u00e9liens ont os\u00e9 qualifier ses propos \u00ab d\u2019attitude antis\u00e9mite \u00bb pour avoir d\u00e9clar\u00e9 :<br \/>\n\u00ab Profond\u00e9ment inquiet quant aux violations du droit international humain \u00e0 Gaza. Il rappelle que l\u2019attaque terroriste du Hamas ne venait pas de nulle part, mais de 56 ans d\u2019occupation. Le secr\u00e9taire g\u00e9n\u00e9ral a r\u00e9p\u00e9t\u00e9 qu\u2019aucun conflit ne justifiait l\u2019atteinte aux droits humains fondamentaux et aux victimes civiles car \u00ab aucune partie \u00e0 un conflit arm\u00e9 n\u2019est au\u2013dessus du droit humanitaire international \u00bb.<br \/>\nLes r\u00e9p\u00e9titives d\u00e9clarations d\u2019une solution \u00e0 deux \u00e9tats, sans \u00eatre mise r\u00e9ellement en application depuis plusieurs d\u00e9cennies, les occupations successives et ill\u00e9gales des territoires Palestiniens par des colons Isra\u00e9liens, encourag\u00e9s en cela par un chef de gouvernement aux ambitions politiques d\u00e9mesur\u00e9es, auquel s\u2019allie une extr\u00eame droite qui ne cesse d\u2019agiter le drapeau du grand Isra\u00ebl et l\u2019expulsion des Palestiniens de la terre promise, une liste de tu\u00e9s palestiniens, douze fois plus que les tu\u00e9s isra\u00e9liens (1), qui s\u2019allonge d\u2019ann\u00e9e en ann\u00e9e, ont certainement amplifi\u00e9 le d\u00e9sespoir du peuple Palestiniens.<br \/>\nC\u2019est probablement une des raisons qui a pouss\u00e9 les Palestiniens \u00e0 affirmer leur existence par un geste suicidaire aussi ignoble soit-il.<br \/>\nOn \u00e9voque un mouvement du Hamas en insistant \u00e0 le qualifier de terroriste et d\u2019islamiste, comme s\u2019il s\u2019agissait d\u2019un th\u00e8me de campagne m\u00e9diatique, faisant abstraction des autres mouvements la\u00efcs de diff\u00e9rentes tendances (Marxiste, Gauche, Centristes, Baasistes) qui combattent pour la lib\u00e9ration de la Palestine et qui ne sont pas des mouvements religieux, ou encore \u00e9voquer, \u00e0 demi-mot, que c\u2019est ce m\u00eame Premier ministre qui a favoris\u00e9 l\u2019existence du Hamas pour contrer la solution \u00e0 deux \u00e9tats (2).<br \/>\nLes Occidentaux se montrent tol\u00e9rants quant au comportement d\u2019Isra\u00ebl \u00e0 l\u2019\u00e9gard du peuple Palestinien comme pour s\u2019excuser de l\u2019holocauste et de l\u2019ostracisme qu\u2019ils ont fait subir aux juifs depuis plus de deux mill\u00e9naires, mais le reste du monde s\u2019interroge sur cette flagrante injustice et les qualificatifs de terrorisme (4) et d\u2019islamisme d\u2019un peuple Palestinien qui combat pour son ind\u00e9pendance, son territoire et sa survie.<br \/>\nUne large part des peuples juif et palestinien n\u2019aspirent qu\u2019\u00e0 vivre en paix, leurs politiciens doivent cesser de comptabiliser leur audience et leur maintien au pouvoir sur les corps des cadavres.<br \/>\nNi la puissance militaire, ni le terrorisme ne r\u00e9soudront ce conflit, la seule voix sage pour rompre ces tueries et la haine entretenue entre les deux peuples, serait la solution \u00e0 deux \u00e9tats, comme vainement pr\u00e9conis\u00e9e par les colombes de la paix, l\u2019Isra\u00e9lien Yitzhak RABIN, assassin\u00e9 par un extr\u00e9miste de la droite isra\u00e9lienne et le Palestinien Yasser ARAFAT, pr\u00e9sum\u00e9 empoisonn\u00e9 par le Mossad.<br \/>\nExtrait du livre \u00ab Isra\u00ebl et Palestine Droit Divin ou Droit Contemporain \u00bb par Med Kamel Yahiaoui<\/p>\n<p>Lien pour lire la suite de l&rsquo;extrait :<\/p>\n<p>www.dzbiblio.com\/EXTRAIT\/palestine\/palestine.pdf<\/p>\n","protected":false},"excerpt":{"rendered":"<p>L\u2019offensive du Hamas palestinien sur Isra\u00ebl du 7 octobre 2023 a \u00e9t\u00e9, une des plus grandes trag\u00e9dies de l\u2019histoire d\u2019Isra\u00ebl post-deuxi\u00e8me guerre mondiale, rien \u00e0 voir avec les tirs de roquettes artisanales de moindre impact, les lance-pierres des jeunes palestiniens ou les attaques aux couteaux contre l\u2019arm\u00e9e isra\u00e9lienne et les civils des ann\u00e9es pr\u00e9c\u00e9dentes. Au [&hellip;]<\/p>\n","protected":false},"author":1,"featured_media":0,"comment_status":"open","ping_status":"open","sticky":false,"template":"","format":"standard","meta":{"iawp_total_views":6,"footnotes":""},"categories":[183],"tags":[173,78,101,115,175,117,174],"class_list":["post-706","post","type-post","status-publish","format-standard","hentry","category-israel-et-palestine","tag-israel-2","tag-juifs","tag-moyen-orient","tag-palestine","tag-palestinens","tag-pays-du-golf","tag-terre-promise"],"_links":{"self":[{"href":"http:\/\/www.yakaledire.com\/index.php\/wp-json\/wp\/v2\/posts\/706","targetHints":{"allow":["GET"]}}],"collection":[{"href":"http:\/\/www.yakaledire.com\/index.php\/wp-json\/wp\/v2\/posts"}],"about":[{"href":"http:\/\/www.yakaledire.com\/index.php\/wp-json\/wp\/v2\/types\/post"}],"author":[{"embeddable":true,"href":"http:\/\/www.yakaledire.com\/index.php\/wp-json\/wp\/v2\/users\/1"}],"replies":[{"embeddable":true,"href":"http:\/\/www.yakaledire.com\/index.php\/wp-json\/wp\/v2\/comments?post=706"}],"version-history":[{"count":1,"href":"http:\/\/www.yakaledire.com\/index.php\/wp-json\/wp\/v2\/posts\/706\/revisions"}],"predecessor-version":[{"id":807,"href":"http:\/\/www.yakaledire.com\/index.php\/wp-json\/wp\/v2\/posts\/706\/revisions\/807"}],"wp:attachment":[{"href":"http:\/\/www.yakaledire.com\/index.php\/wp-json\/wp\/v2\/media?parent=706"}],"wp:term":[{"taxonomy":"category","embeddable":true,"href":"http:\/\/www.yakaledire.com\/index.php\/wp-json\/wp\/v2\/categories?post=706"},{"taxonomy":"post_tag","embeddable":true,"href":"http:\/\/www.yakaledire.com\/index.php\/wp-json\/wp\/v2\/tags?post=706"}],"curies":[{"name":"wp","href":"https:\/\/api.w.org\/{rel}","templated":true}]}}